{"id":11221,"date":"2024-06-21T12:10:22","date_gmt":"2024-06-21T12:10:22","guid":{"rendered":"https:\/\/www.watch.de\/blog\/?p=11221"},"modified":"2025-12-29T21:23:27","modified_gmt":"2025-12-29T21:23:27","slug":"mcm-koffer","status":"publish","type":"post","link":"https:\/\/www.watch.de\/blog\/mcm-koffer\/","title":{"rendered":"Juwelier Ralf H\u00e4ffner und der einzigartige MCM-Koffer"},"content":{"rendered":"<p><strong>Inhalt des Artikels:<\/strong><\/p><ul><li><a class=\"js-smooth-scroll\" href=\"#p-ralf-haeffner-und-sein-traum\">Ralf H\u00e4ffner und sein Traum<\/a><\/li><li><a class=\"js-smooth-scroll\" href=\"#p-das-schicksal-spielt-mit-das-treffen-mit-michael-cromer\">Das Schicksal spielt mit: Das Treffen mit Michael Cromer<\/a><\/li><li><a class=\"js-smooth-scroll\" href=\"#p-der-koffer-ein-mcm-unikat\">Der Koffer: Ein MCM-Unikat<\/a><\/li><li><a class=\"js-smooth-scroll\" href=\"#p-das-unvergessliche-event-im-carat\">Das unvergessliche Event im Carat<\/a><\/li><\/ul><hr class=\"table-content-divider\">\n<p>In den 80er Jahren, als die Marke MCM auf dem H\u00f6hepunkt ihres Ruhms stand und eine Rolex Daytona noch f\u00fcr 500 DM zu haben war, hegte Juwelier Ralf H\u00e4ffner einen gro\u00dfen Wunsch. Ralf H\u00e4ffner, ein leidenschaftlicher Sammler und Unternehmer, tr\u00e4umte von einem ganz besonderen MCM-Koffer.<\/p>\n\n\n\n<!--more-->\n\n\n\n<h2 class=\"wp-block-heading\" id=\"p-ralf-haeffner-und-sein-traum\">Ralf H\u00e4ffner und sein Traum<\/h2>\n\n\n\n<p>Zu dieser Zeit betrieb Ralf H\u00e4ffner bereits ein erfolgreiches Juweliergesch\u00e4ft in der Hohenheimer Stra\u00dfe in Stuttgart. Trotz seines Erfolges besuchte er regelm\u00e4\u00dfig Kunden zu Hause, um ihnen pers\u00f6nlich seine exquisiten Schmuckst\u00fccke und Uhren zu pr\u00e4sentieren \u2013 schon damals geh\u00f6rte Rolex zu seinen Lieblingsmarken. Sein gr\u00f6\u00dfter Wunsch: ein ma\u00dfgeschneiderter MCM-Schmuckkoffer, den es in dieser Form allerdings noch nicht gab. Entschlossen, diesen Traum zu verwirklichen, machte sich der junge Juwelier auf den Weg nach M\u00fcnchen, dem Hauptsitz von MCM.<\/p>\n\n\n\n<figure class=\"wp-block-image size-large\"><img loading=\"lazy\" decoding=\"async\" width=\"1024\" height=\"577\" src=\"https:\/\/www.watch.de\/blog\/wp-content\/uploads\/2024\/06\/blog_1-1024x577.jpg\" alt=\"\" class=\"wp-image-11227\" srcset=\"https:\/\/www.watch.de\/blog\/wp-content\/uploads\/2024\/06\/blog_1-1024x577.jpg 1024w, https:\/\/www.watch.de\/blog\/wp-content\/uploads\/2024\/06\/blog_1-300x169.jpg 300w, https:\/\/www.watch.de\/blog\/wp-content\/uploads\/2024\/06\/blog_1-768x433.jpg 768w, https:\/\/www.watch.de\/blog\/wp-content\/uploads\/2024\/06\/blog_1-792x446.jpg 792w, https:\/\/www.watch.de\/blog\/wp-content\/uploads\/2024\/06\/blog_1-753x424.jpg 753w, https:\/\/www.watch.de\/blog\/wp-content\/uploads\/2024\/06\/blog_1-1075x606.jpg 1075w, https:\/\/www.watch.de\/blog\/wp-content\/uploads\/2024\/06\/blog_1-491x276.jpg 491w, https:\/\/www.watch.de\/blog\/wp-content\/uploads\/2024\/06\/blog_1.jpg 1200w\" sizes=\"auto, (max-width: 1024px) 100vw, 1024px\" \/><figcaption class=\"wp-element-caption\">Ralf H\u00e4ffners Traum wurde wahr: Ein individuell angefertigter MCM-Schmuckkoffer<\/figcaption><\/figure>\n\n\n<blockquote><svg><use xlink:href=\"#quote\"><\/svg><div class=\"blockqoute-wrapper\">\n<p><strong>Was hei\u00dft MCM?<\/strong><br>MCM steht f\u00fcr &#8222;Modern Creation M\u00fcnchen&#8220;. Die Marke wurde 1976 von Michael Cromer gegr\u00fcndet und ist bekannt f\u00fcr ihre luxuri\u00f6sen Lederwaren und Accessoires, die durch hohe Qualit\u00e4t und markantes Design \u00fcberzeugen \u2013 sozusagen die deutsche Antwort auf Louis Vuitton.<\/p>\n<cite>\n\n<\/cite><\/div><\/blockquote>\n\n\n<h3 class=\"wp-block-heading\" id=\"p-das-schicksal-spielt-mit-das-treffen-mit-michael-cromer\">Das Schicksal spielt mit: Das Treffen mit Michael Cromer<\/h3>\n\n\n\n<div class=\"wp-block-tandem-image-caption-verical section-post section-diagonal left-position\"><div class=\"section-content row\"><div class=\"section-diagonal-image col\"><img decoding=\"async\" loading=\"lazy\" src=\"https:\/\/www.watch.de\/blog\/wp-content\/uploads\/2024\/06\/pic-watch-84.jpg\" alt=\"pic-watch-84\"\/><\/div><div class=\"section-diagonal-text col\">\n<p>Ralf H\u00e4ffner in jungen Jahren<\/p>\n<\/div><\/div><\/div>\n\n\n\n<p>Auf dem Parkplatz vor dem MCM-Sitz in M\u00fcnchen traf H\u00e4ffner zuf\u00e4llig auf Michael Cromer pers\u00f6nlich. Mit langen Haaren und einer goldenen Rolex am Handgelenk, sprach er den Gr\u00fcnder direkt an: &#8222;Ich m\u00f6chte unbedingt einen MCM-Koffer, in dem ich meinen Schmuck und meine Uhren anbieten kann. Kann man so etwas kaufen?&#8220; Cromer war begeistert von der Idee und sofort bereit, eine Spezialanfertigung zu erm\u00f6glichen. Es war der Beginn einer einzigartigen Zusammenarbeit.<\/p>\n\n\n\n\n\n\n  <section class=\"section-block section-small section-bg\">\n              <h2 class=\"section-title\">MCM-Koffer kaufen<\/h2>\n            <div class=\"section-wide\">\n        <div class=\"container\">\n          <div class=\"section-content swiper js-swiper-product-slider\">\n            <div class=\"swiper-wrapper row\">\n              <div class=\"product-item swiper-slide\">\n  <div class=\"product-item-image\">\n    <div class=\"product-item-image-wrapper\">\n      <img decoding=\"async\" src=\"https:\/\/www.watch.de\/media\/catalog\/product\/cache\/2843be42cc01d66c7b1dee9df6b75c87\/m\/c\/mcmkofferchef_6.jpg?auto=webp&format=pjpg&width=420&height=315&fit=cover\" alt=\"MCM Heritage einzigartiger Ralf H\u00e4ffner Aktenkoffer Leder Braun Gold Original Vintage\" srcset=\"https:\/\/www.watch.de\/media\/catalog\/product\/cache\/2843be42cc01d66c7b1dee9df6b75c87\/m\/c\/mcmkofferchef_6.jpg?auto=webp&format=pjpg&width=345&height=259&fit=cover 1x, https:\/\/www.watch.de\/media\/catalog\/product\/cache\/2843be42cc01d66c7b1dee9df6b75c87\/m\/c\/mcmkofferchef_6.jpg?auto=webp&format=pjpg&width=690&height=518&fit=cover 2x, https:\/\/www.watch.de\/media\/catalog\/product\/cache\/2843be42cc01d66c7b1dee9df6b75c87\/m\/c\/mcmkofferchef_6.jpg?auto=webp&format=pjpg&width=1035&height=777&fit=cover 3x\" loading=\"lazy\">\n    <\/div>\n\n    \n      <\/div>\n\n  <div class=\"product-item-info\">\n    <div class=\"product-item-name\">\n            <div class=\"product-item-brand\">MCM<\/div>\n      <div class=\"product-item-model\">Aktenkoffer<\/div>\n          <\/div>\n\n      <\/div>\n\n  <div class=\"product-item-condition-wrapper\">\n    <div class=\"product-item-condition\">Original - Vintage<\/div>\n\n        <div class=\"product-item-delivery\">\n              <span class=\"ondemand\">Auf Anfrage<\/span>\n          <\/div>\n    \n  <\/div>\n\n  <div class=\"product-item-ids\">\n    \n    \n        <span class=\"product-item-id product-item-sku\">Art. 10000075194<\/span>\n      <\/div>\n\n  <div class=\"product-item-price\">\n          0      <\/div>\n  <div class=\"product-item-link\">\n    <a data-real=\"true\" href=\"https:\/\/www.watch.de\/germany\/mcm-heritage-einzigartiger-ralf-haffner-aktenkoffer-leder-braun-gold-original-vintage-75194.html\" target=\"_blank\" rel=\"noreferrer noopener\"><span class=\"sr-only\">MCM Heritage einzigartiger Ralf H\u00e4ffner Aktenkoffer Leder Braun Gold Original Vintage<\/span><\/a>\n  <\/div>\n<\/div>\n<div class=\"product-item swiper-slide\">\n  <div class=\"product-item-image\">\n    <div class=\"product-item-image-wrapper\">\n      <img decoding=\"async\" src=\"https:\/\/www.watch.de\/media\/catalog\/product\/cache\/2843be42cc01d66c7b1dee9df6b75c87\/1\/0\/10000073039_1.jpg?auto=webp&format=pjpg&width=420&height=315&fit=cover\" alt=\"MCM Kalender Planer Leder braun guter Zustand\" srcset=\"https:\/\/www.watch.de\/media\/catalog\/product\/cache\/2843be42cc01d66c7b1dee9df6b75c87\/1\/0\/10000073039_1.jpg?auto=webp&format=pjpg&width=345&height=259&fit=cover 1x, https:\/\/www.watch.de\/media\/catalog\/product\/cache\/2843be42cc01d66c7b1dee9df6b75c87\/1\/0\/10000073039_1.jpg?auto=webp&format=pjpg&width=690&height=518&fit=cover 2x, https:\/\/www.watch.de\/media\/catalog\/product\/cache\/2843be42cc01d66c7b1dee9df6b75c87\/1\/0\/10000073039_1.jpg?auto=webp&format=pjpg&width=1035&height=777&fit=cover 3x\" loading=\"lazy\">\n    <\/div>\n\n    \n          <div class=\"product-item-discount\">-44%<\/div>\n      <\/div>\n\n  <div class=\"product-item-info\">\n    <div class=\"product-item-name\">\n            <div class=\"product-item-brand\">MCM<\/div>\n      <div class=\"product-item-model\">Kalender Planer<\/div>\n          <\/div>\n\n      <\/div>\n\n  <div class=\"product-item-condition-wrapper\">\n    <div class=\"product-item-condition\">gut<\/div>\n\n        <div class=\"product-item-delivery\">\n              <span class=\"immediately\">24h<\/span>\n          <\/div>\n    \n  <\/div>\n\n  <div class=\"product-item-ids\">\n    \n    \n        <span class=\"product-item-id product-item-sku\">Art. 10000073039<\/span>\n      <\/div>\n\n  <div class=\"product-item-price\">\n          <div class=\"final-price\">252\u00a0\u20ac<\/div>\n      <div class=\"regular-price\">450\u00a0\u20ac<\/div>\n      <\/div>\n  <div class=\"product-item-link\">\n    <a data-real=\"true\" href=\"https:\/\/www.watch.de\/germany\/mcm-kalender-planer-leder-braun-guter-zustand.html\" target=\"_blank\" rel=\"noreferrer noopener\"><span class=\"sr-only\">MCM Kalender Planer Leder braun guter Zustand<\/span><\/a>\n  <\/div>\n<\/div>\n<div class=\"product-item swiper-slide\">\n  <div class=\"product-item-image\">\n    <div class=\"product-item-image-wrapper\">\n      <img decoding=\"async\" src=\"https:\/\/www.watch.de\/media\/catalog\/product\/cache\/2843be42cc01d66c7b1dee9df6b75c87\/1\/0\/10000066517_1_1.jpg?auto=webp&format=pjpg&width=420&height=315&fit=cover\" alt=\"Patek Philippe Nautilus 40th Anniversary Ref.5976\/1G-001 2017 Full Set Original unpoliert\" srcset=\"https:\/\/www.watch.de\/media\/catalog\/product\/cache\/2843be42cc01d66c7b1dee9df6b75c87\/1\/0\/10000066517_1_1.jpg?auto=webp&format=pjpg&width=345&height=259&fit=cover 1x, https:\/\/www.watch.de\/media\/catalog\/product\/cache\/2843be42cc01d66c7b1dee9df6b75c87\/1\/0\/10000066517_1_1.jpg?auto=webp&format=pjpg&width=690&height=518&fit=cover 2x, https:\/\/www.watch.de\/media\/catalog\/product\/cache\/2843be42cc01d66c7b1dee9df6b75c87\/1\/0\/10000066517_1_1.jpg?auto=webp&format=pjpg&width=1035&height=777&fit=cover 3x\" loading=\"lazy\">\n    <\/div>\n\n        <div class=\"product-item-ribbon\">\n                    <span class=\"limited\">Limitiert<\/span>\n          <\/div>\n    \n          <div class=\"product-item-discount\">-11%<\/div>\n      <\/div>\n\n  <div class=\"product-item-info\">\n    <div class=\"product-item-name\">\n            <div class=\"product-item-brand\">Patek Philippe<\/div>\n      <div class=\"product-item-model\">Nautilus 40th Anniversary Diamanten 18kt Wei\u00dfgold 303g<\/div>\n          <\/div>\n\n        <div class=\"product-item-spec\">\n\n            <div class=\"product-item-option\">\n        <svg><use xlink:href=\"#diameter\" \/><\/svg>\n        <span>44mm<\/span>\n      <\/div>\n      \n            <div class=\"product-item-option\">\n        <svg><use  xlink:href=\"#check\"\/><\/svg>\n        <span>Box<\/span>\n      <\/div>\n      \n            <div class=\"product-item-option\">\n        <svg><use  xlink:href=\"#check\"\/><\/svg>\n        <span>Papiere<\/span>\n      <\/div>\n      \n    <\/div>\n      <\/div>\n\n  <div class=\"product-item-condition-wrapper\">\n    <div class=\"product-item-condition\">Original - unpoliert<\/div>\n\n        <div class=\"product-item-delivery\">\n              <span class=\"immediately\">24h<\/span>\n          <\/div>\n    \n  <\/div>\n\n  <div class=\"product-item-ids\">\n        <span class=\"product-item-id product-item-ref\">Ref. 5976\/1G-001<\/span>\n    \n        <span class=\"product-item-id product-item-year\">Jahr: 2017<\/span>\n    \n        <span class=\"product-item-id product-item-sku\">Art. 10000082774<\/span>\n      <\/div>\n\n  <div class=\"product-item-price\">\n          <div class=\"final-price\">329.329\u00a0\u20ac<\/div>\n      <div class=\"regular-price\">370.000\u00a0\u20ac<\/div>\n      <\/div>\n  <div class=\"product-item-link\">\n    <a data-real=\"true\" href=\"https:\/\/www.watch.de\/germany\/patek-philippe-nautilus-40th-anniversary-ref-5976-1g-001-2017-full-set-original-unpoliert-82774.html\" target=\"_blank\" rel=\"noreferrer noopener\"><span class=\"sr-only\">Patek Philippe Nautilus 40th Anniversary Ref.5976\/1G-001 2017 Full Set Original unpoliert<\/span><\/a>\n  <\/div>\n<\/div>\n            <\/div>\n            <div class=\"swiper-pagination js-swiper-pagination slider-pagination\"><\/div>\n          <\/div>\n\n          \n        <\/div>\n      <\/div>\n\n    <\/section>\n\n\n\n\n\n<h3 class=\"wp-block-heading\" id=\"p-der-koffer-ein-mcm-unikat\">Der Koffer: Ein MCM-Unikat<\/h3>\n\n\n\n<figure class=\"wp-block-image size-large\"><img loading=\"lazy\" decoding=\"async\" width=\"1024\" height=\"577\" src=\"https:\/\/www.watch.de\/blog\/wp-content\/uploads\/2024\/06\/blog_header-1024x577.jpg\" alt=\"\" class=\"wp-image-11226\" srcset=\"https:\/\/www.watch.de\/blog\/wp-content\/uploads\/2024\/06\/blog_header-1024x577.jpg 1024w, https:\/\/www.watch.de\/blog\/wp-content\/uploads\/2024\/06\/blog_header-300x169.jpg 300w, https:\/\/www.watch.de\/blog\/wp-content\/uploads\/2024\/06\/blog_header-768x433.jpg 768w, https:\/\/www.watch.de\/blog\/wp-content\/uploads\/2024\/06\/blog_header-792x446.jpg 792w, https:\/\/www.watch.de\/blog\/wp-content\/uploads\/2024\/06\/blog_header-753x424.jpg 753w, https:\/\/www.watch.de\/blog\/wp-content\/uploads\/2024\/06\/blog_header-1075x606.jpg 1075w, https:\/\/www.watch.de\/blog\/wp-content\/uploads\/2024\/06\/blog_header-491x276.jpg 491w, https:\/\/www.watch.de\/blog\/wp-content\/uploads\/2024\/06\/blog_header.jpg 1200w\" sizes=\"auto, (max-width: 1024px) 100vw, 1024px\" \/><figcaption class=\"wp-element-caption\">Der Vintage MCM Koffer bietet Platz f\u00fcr 15 Uhren<\/figcaption><\/figure>\n\n\n\n<p>Ralf H\u00e4ffner lie\u00df einen speziellen Kofferrohling anfertigen, dessen F\u00e4cher perfekt auf seine Bed\u00fcrfnisse abgestimmt waren. Michael Cromer sorgte daf\u00fcr, dass der Koffer mit dem ikonischen MCM-Leder bezogen wurde und eine MCM-Plakette erhielt. Am folgenden Wochenende fand ein besonderes Event in Ralf H\u00e4ffners Stuttgarter Carat Lounge statt, unter anderem mit prominenten G\u00e4sten vom VfB. \u201cCromer kam pers\u00f6nlich aus M\u00fcnchen vorbei, nat\u00fcrlich mit Chauffeur, und \u00fcberreichte mir den Koffer als Geschenk\u201d, erinnert sich Ralf H\u00e4ffner an diesen Moment.<\/p>\n\n\n<blockquote><svg><use xlink:href=\"#quote\"><\/svg><div class=\"blockqoute-wrapper\">\n<p><strong>Was macht MCM so besonders?<br><\/strong>MCM ist eine Luxusmarke, die f\u00fcr ihre ikonischen Lederwaren, insbesondere Taschen und Gep\u00e4ckst\u00fccke, bekannt ist. Die Marke zeichnet sich durch ihr unverwechselbares Visetos-Muster und die innovative Kombination aus Funktionalit\u00e4t und Stil aus. \u00dcber die Jahre hinweg hat sich MCM zu einer globalen Luxusmarke entwickelt, die in zahlreichen L\u00e4ndern vertreten ist. Heute setzt sich MCM f\u00fcr den Klimaschutz ein und wurde von Positive Luxury mit dem Butterfly Mark ausgezeichnet.<\/p>\n<cite>\n\n<\/cite><\/div><\/blockquote>\n\n\n<h2 class=\"wp-block-heading\" id=\"p-das-unvergessliche-event-im-carat\">Das unvergessliche Event im Carat<\/h2>\n\n\n\n<div class=\"wp-block-tandem-image-caption-verical section-post section-diagonal left-position\"><div class=\"section-content row\"><div class=\"section-diagonal-image col\"><img decoding=\"async\" loading=\"lazy\" src=\"https:\/\/www.watch.de\/blog\/wp-content\/uploads\/2024\/06\/pic-watch-85.jpg\" alt=\"pic-watch-85\"\/><\/div><div class=\"section-diagonal-text col\">\n<p>Feiern im Carat, heute bekannt unter dem Namen &#8222;Carat Lounge&#8220;<\/p>\n<\/div><\/div><\/div>\n\n\n\n<p>Der Abend in der Stuttgarter Carat Lounge bleibt Ralf H\u00e4ffner in bester Erinnerung. Trotz eines kleinen Auffahrunfalls kurz vor dem Event, lie\u00df sich Michael Cromer nicht die Laune verderben und feierte mit den G\u00e4sten. Der MCM-Koffer, ein Symbol f\u00fcr H\u00e4ffners Leidenschaft und Erfolg, hat bis heute einen besonderen Platz in seinem Herzen.<\/p>\n\n\n\n<p>Haben Sie schon unsere neue Kategorie Lederwaren\/Taschen entdeckt? Hier finden Sie MCM Vintage Modelle sowie Taschen und Etuis von Louis Vuitton, Miu Miu oder Bulgari. Hinter vielen von diesen Artikeln gibt es eine einzigartige Geschichte. Interessiert? Dann sprechen Sie uns an, Telefon: <a href=\"tel:0711 933 0890\" target=\"_blank\" rel=\"noreferrer noopener\">0711 933 0890<\/a>, E-Mail: <a href=\"mailto:info@watch.de\" target=\"_blank\" rel=\"noreferrer noopener\">info@watch.de<\/a>.<\/p>\n","protected":false},"excerpt":{"rendered":"<p>In den 80er Jahren, als die Marke MCM auf dem H\u00f6hepunkt ihres Ruhms stand und eine Rolex Daytona noch f\u00fcr 500 DM zu haben war, hegte Juwelier Ralf H\u00e4ffner einen gro\u00dfen Wunsch. Ralf H\u00e4ffner, ein leidenschaftlicher Sammler und Unternehmer, tr\u00e4umte von einem ganz besonderen MCM-Koffer.<\/p>\n","protected":false},"author":2,"featured_media":11226,"comment_status":"closed","ping_status":"closed","sticky":false,"template":"","format":"standard","meta":{"myguten_meta_block_field":"","footnotes":""},"categories":[130,78],"tags":[],"class_list":["post-11221","post","type-post","status-publish","format-standard","has-post-thumbnail","hentry","category-accessoires","category-lifestyle"],"yoast_head":"<!-- This site is optimized with the Yoast SEO plugin v27.5 - https:\/\/yoast.com\/product\/yoast-seo-wordpress\/ -->\n<title>Juwelier Ralf H\u00e4ffner und der MCM-Koffer I watch.de Magazin<\/title>\n<meta name=\"description\" content=\"In den 80er Jahren, als die Marke MCM auf dem H\u00f6hepunkt ihres Ruhms stand, tr\u00e4umte Ralf H\u00e4ffner von einem einzigartigem MCM-Koffer.\" \/>\n<meta name=\"robots\" content=\"index, follow, max-snippet:-1, max-image-preview:large, max-video-preview:-1\" \/>\n<link rel=\"canonical\" href=\"https:\/\/www.watch.de\/blog\/mcm-koffer\/\" \/>\n<meta name=\"twitter:label1\" content=\"Written by\" \/>\n\t<meta name=\"twitter:data1\" content=\"wablog\" \/>\n\t<meta name=\"twitter:label2\" content=\"Est. reading time\" \/>\n\t<meta name=\"twitter:data2\" content=\"4\u00a0Minuten\" \/>\n<script type=\"application\/ld+json\" class=\"yoast-schema-graph\">{\"@context\":\"https:\\\/\\\/schema.org\",\"@graph\":[{\"@type\":\"Article\",\"@id\":\"https:\\\/\\\/www.watch.de\\\/blog\\\/mcm-koffer\\\/#article\",\"isPartOf\":{\"@id\":\"https:\\\/\\\/www.watch.de\\\/blog\\\/mcm-koffer\\\/\"},\"author\":{\"name\":\"wablog\",\"@id\":\"https:\\\/\\\/www.watch.de\\\/blog\\\/#\\\/schema\\\/person\\\/f059a47ed99eaf83fe314a56d96ff04f\"},\"headline\":\"Juwelier Ralf H\u00e4ffner und der einzigartige MCM-Koffer\",\"datePublished\":\"2024-06-21T12:10:22+00:00\",\"dateModified\":\"2025-12-29T21:23:27+00:00\",\"mainEntityOfPage\":{\"@id\":\"https:\\\/\\\/www.watch.de\\\/blog\\\/mcm-koffer\\\/\"},\"wordCount\":601,\"image\":{\"@id\":\"https:\\\/\\\/www.watch.de\\\/blog\\\/mcm-koffer\\\/#primaryimage\"},\"thumbnailUrl\":\"https:\\\/\\\/www.watch.de\\\/blog\\\/wp-content\\\/uploads\\\/2024\\\/06\\\/blog_header.jpg\",\"articleSection\":[\"Accessoires\",\"Lifestyle\"],\"inLanguage\":\"de\"},{\"@type\":\"WebPage\",\"@id\":\"https:\\\/\\\/www.watch.de\\\/blog\\\/mcm-koffer\\\/\",\"url\":\"https:\\\/\\\/www.watch.de\\\/blog\\\/mcm-koffer\\\/\",\"name\":\"Juwelier Ralf H\u00e4ffner und der MCM-Koffer I watch.de Magazin\",\"isPartOf\":{\"@id\":\"https:\\\/\\\/www.watch.de\\\/blog\\\/#website\"},\"primaryImageOfPage\":{\"@id\":\"https:\\\/\\\/www.watch.de\\\/blog\\\/mcm-koffer\\\/#primaryimage\"},\"image\":{\"@id\":\"https:\\\/\\\/www.watch.de\\\/blog\\\/mcm-koffer\\\/#primaryimage\"},\"thumbnailUrl\":\"https:\\\/\\\/www.watch.de\\\/blog\\\/wp-content\\\/uploads\\\/2024\\\/06\\\/blog_header.jpg\",\"datePublished\":\"2024-06-21T12:10:22+00:00\",\"dateModified\":\"2025-12-29T21:23:27+00:00\",\"author\":{\"@id\":\"https:\\\/\\\/www.watch.de\\\/blog\\\/#\\\/schema\\\/person\\\/f059a47ed99eaf83fe314a56d96ff04f\"},\"description\":\"In den 80er Jahren, als die Marke MCM auf dem H\u00f6hepunkt ihres Ruhms stand, tr\u00e4umte Ralf H\u00e4ffner von einem einzigartigem MCM-Koffer.\",\"inLanguage\":\"de\",\"potentialAction\":[{\"@type\":\"ReadAction\",\"target\":[\"https:\\\/\\\/www.watch.de\\\/blog\\\/mcm-koffer\\\/\"]}]},{\"@type\":\"ImageObject\",\"inLanguage\":\"de\",\"@id\":\"https:\\\/\\\/www.watch.de\\\/blog\\\/mcm-koffer\\\/#primaryimage\",\"url\":\"https:\\\/\\\/www.watch.de\\\/blog\\\/wp-content\\\/uploads\\\/2024\\\/06\\\/blog_header.jpg\",\"contentUrl\":\"https:\\\/\\\/www.watch.de\\\/blog\\\/wp-content\\\/uploads\\\/2024\\\/06\\\/blog_header.jpg\",\"width\":1200,\"height\":676},{\"@type\":\"WebSite\",\"@id\":\"https:\\\/\\\/www.watch.de\\\/blog\\\/#website\",\"url\":\"https:\\\/\\\/www.watch.de\\\/blog\\\/\",\"name\":\"watch.de Magazin\",\"description\":\"Markenuhren, Schmuck, Lifestyle und mehr\",\"potentialAction\":[{\"@type\":\"SearchAction\",\"target\":{\"@type\":\"EntryPoint\",\"urlTemplate\":\"https:\\\/\\\/www.watch.de\\\/blog\\\/?s={search_term_string}\"},\"query-input\":{\"@type\":\"PropertyValueSpecification\",\"valueRequired\":true,\"valueName\":\"search_term_string\"}}],\"inLanguage\":\"de\"},{\"@type\":\"Person\",\"@id\":\"https:\\\/\\\/www.watch.de\\\/blog\\\/#\\\/schema\\\/person\\\/f059a47ed99eaf83fe314a56d96ff04f\",\"name\":\"wablog\",\"url\":\"https:\\\/\\\/www.watch.de\\\/blog\\\/author\\\/wablog\\\/\"}]}<\/script>\n<!-- \/ Yoast SEO plugin. -->","yoast_head_json":{"title":"Juwelier Ralf H\u00e4ffner und der MCM-Koffer I watch.de Magazin","description":"In den 80er Jahren, als die Marke MCM auf dem H\u00f6hepunkt ihres Ruhms stand, tr\u00e4umte Ralf H\u00e4ffner von einem einzigartigem MCM-Koffer.","robots":{"index":"index","follow":"follow","max-snippet":"max-snippet:-1","max-image-preview":"max-image-preview:large","max-video-preview":"max-video-preview:-1"},"canonical":"https:\/\/www.watch.de\/blog\/mcm-koffer\/","twitter_misc":{"Written by":"wablog","Est. reading time":"4\u00a0Minuten"},"schema":{"@context":"https:\/\/schema.org","@graph":[{"@type":"Article","@id":"https:\/\/www.watch.de\/blog\/mcm-koffer\/#article","isPartOf":{"@id":"https:\/\/www.watch.de\/blog\/mcm-koffer\/"},"author":{"name":"wablog","@id":"https:\/\/www.watch.de\/blog\/#\/schema\/person\/f059a47ed99eaf83fe314a56d96ff04f"},"headline":"Juwelier Ralf H\u00e4ffner und der einzigartige MCM-Koffer","datePublished":"2024-06-21T12:10:22+00:00","dateModified":"2025-12-29T21:23:27+00:00","mainEntityOfPage":{"@id":"https:\/\/www.watch.de\/blog\/mcm-koffer\/"},"wordCount":601,"image":{"@id":"https:\/\/www.watch.de\/blog\/mcm-koffer\/#primaryimage"},"thumbnailUrl":"https:\/\/www.watch.de\/blog\/wp-content\/uploads\/2024\/06\/blog_header.jpg","articleSection":["Accessoires","Lifestyle"],"inLanguage":"de"},{"@type":"WebPage","@id":"https:\/\/www.watch.de\/blog\/mcm-koffer\/","url":"https:\/\/www.watch.de\/blog\/mcm-koffer\/","name":"Juwelier Ralf H\u00e4ffner und der MCM-Koffer I watch.de Magazin","isPartOf":{"@id":"https:\/\/www.watch.de\/blog\/#website"},"primaryImageOfPage":{"@id":"https:\/\/www.watch.de\/blog\/mcm-koffer\/#primaryimage"},"image":{"@id":"https:\/\/www.watch.de\/blog\/mcm-koffer\/#primaryimage"},"thumbnailUrl":"https:\/\/www.watch.de\/blog\/wp-content\/uploads\/2024\/06\/blog_header.jpg","datePublished":"2024-06-21T12:10:22+00:00","dateModified":"2025-12-29T21:23:27+00:00","author":{"@id":"https:\/\/www.watch.de\/blog\/#\/schema\/person\/f059a47ed99eaf83fe314a56d96ff04f"},"description":"In den 80er Jahren, als die Marke MCM auf dem H\u00f6hepunkt ihres Ruhms stand, tr\u00e4umte Ralf H\u00e4ffner von einem einzigartigem MCM-Koffer.","inLanguage":"de","potentialAction":[{"@type":"ReadAction","target":["https:\/\/www.watch.de\/blog\/mcm-koffer\/"]}]},{"@type":"ImageObject","inLanguage":"de","@id":"https:\/\/www.watch.de\/blog\/mcm-koffer\/#primaryimage","url":"https:\/\/www.watch.de\/blog\/wp-content\/uploads\/2024\/06\/blog_header.jpg","contentUrl":"https:\/\/www.watch.de\/blog\/wp-content\/uploads\/2024\/06\/blog_header.jpg","width":1200,"height":676},{"@type":"WebSite","@id":"https:\/\/www.watch.de\/blog\/#website","url":"https:\/\/www.watch.de\/blog\/","name":"watch.de Magazin","description":"Markenuhren, Schmuck, Lifestyle und mehr","potentialAction":[{"@type":"SearchAction","target":{"@type":"EntryPoint","urlTemplate":"https:\/\/www.watch.de\/blog\/?s={search_term_string}"},"query-input":{"@type":"PropertyValueSpecification","valueRequired":true,"valueName":"search_term_string"}}],"inLanguage":"de"},{"@type":"Person","@id":"https:\/\/www.watch.de\/blog\/#\/schema\/person\/f059a47ed99eaf83fe314a56d96ff04f","name":"wablog","url":"https:\/\/www.watch.de\/blog\/author\/wablog\/"}]}},"_links":{"self":[{"href":"https:\/\/www.watch.de\/blog\/wp-json\/wp\/v2\/posts\/11221","targetHints":{"allow":["GET"]}}],"collection":[{"href":"https:\/\/www.watch.de\/blog\/wp-json\/wp\/v2\/posts"}],"about":[{"href":"https:\/\/www.watch.de\/blog\/wp-json\/wp\/v2\/types\/post"}],"author":[{"embeddable":true,"href":"https:\/\/www.watch.de\/blog\/wp-json\/wp\/v2\/users\/2"}],"replies":[{"embeddable":true,"href":"https:\/\/www.watch.de\/blog\/wp-json\/wp\/v2\/comments?post=11221"}],"version-history":[{"count":5,"href":"https:\/\/www.watch.de\/blog\/wp-json\/wp\/v2\/posts\/11221\/revisions"}],"predecessor-version":[{"id":11270,"href":"https:\/\/www.watch.de\/blog\/wp-json\/wp\/v2\/posts\/11221\/revisions\/11270"}],"wp:featuredmedia":[{"embeddable":true,"href":"https:\/\/www.watch.de\/blog\/wp-json\/wp\/v2\/media\/11226"}],"wp:attachment":[{"href":"https:\/\/www.watch.de\/blog\/wp-json\/wp\/v2\/media?parent=11221"}],"wp:term":[{"taxonomy":"category","embeddable":true,"href":"https:\/\/www.watch.de\/blog\/wp-json\/wp\/v2\/categories?post=11221"},{"taxonomy":"post_tag","embeddable":true,"href":"https:\/\/www.watch.de\/blog\/wp-json\/wp\/v2\/tags?post=11221"}],"curies":[{"name":"wp","href":"https:\/\/api.w.org\/{rel}","templated":true}]}}