{"id":5133,"date":"2018-10-25T02:00:00","date_gmt":"2018-10-25T02:00:00","guid":{"rendered":"http:\/\/www.watch.de\/blog\/?p=5133"},"modified":"2025-12-31T12:34:48","modified_gmt":"2025-12-31T12:34:48","slug":"zeitumstellung-2018-winterzeit","status":"publish","type":"post","link":"https:\/\/www.watch.de\/blog\/zeitumstellung-2018-winterzeit\/","title":{"rendered":"Zeitumstellung 2018: Das letzte Mal Winterzeit?"},"content":{"rendered":"<p>Am Sonntag, den 28. Oktober 2018 ist es wieder soweit \u2013 die Uhren werden auf Winterzeit umgestellt. Und alle Jahre wieder r\u00e4tselt man aufs Neue: Wie war das gleich nochmal? Werden die Uhren nun eine Stunde vor oder zur\u00fcck gestellt? Aktuell wird die Abschaffung der Zeitumstellung hei\u00df diskutiert. Erfahren Sie mehr dazu und eine Eselsbr\u00fccke, die Ihnen verr\u00e4t, ob Sie am Sonntag eine Stunde l\u00e4nger schlafen k\u00f6nnen in unserem neuen Blogbeitrag. <!--more--><\/p>\n<p>Zweimal pro Jahr stellen wir unsere Uhren um. Am letzten M\u00e4rzwochenende beginnt jeweils die Sommerzeit und am letzten Oktoberwochenende die Winterzeit. Wenn auch Sie sich diesen Sonntagmorgen zum x-ten Mal die Frage stellen, ob Sie Ihre Zeitmesser eine Stunde vor oder zur\u00fcck stellen m\u00fcssen, hilft Ihnen eventuell diese charmante Eselsbr\u00fccke:<\/p>\n<blockquote><svg><use xlink:href=\"#quote\" \/><\/svg><div class=\"blockqoute-wrapper\"><p><strong>\u201cSpring forward, fall back\u201d<\/strong><\/p>\n<p>Im Fr\u00fchling (engl.: spring) springt die Zeit um eine Stunde vor (engl.: spring forward) und im Herbst (engl.: fall) fallen die Uhrzeiger eine Stunde zur\u00fcck (engl.: fall back).<\/p><\/div><\/blockquote>\n<h2>Abschaffung der Zeitumstellung<\/h2>\n<p>Erst seit dem Jahr 1996 gibt es die Zeitumstellung EU-weit einheitlich \u2013 also noch gar nicht so lange. Eingef\u00fchrt wurde die Umstellung, um dadurch Energie zu sparen. Doch der tats\u00e4chliche Nutzen ist umstritten.<\/p>\n<p>Wenn es nach dem Ergebnis einer EU-weiten Online-Befragung geht, k\u00f6nnte es ein, dass wir in diesem Jahr die Uhren ein letztes Mal auf Winterzeit einstellen. Die Mehrheit der abgegebenen Stimmen hat sich n\u00e4mlich f\u00fcr eine Abschaffung der Zeitumstellung ausgesprochen. Inzwischen liegt dem EU-Parlament bereits ein entsprechender Gesetzesvorschlag vor, nach dem die einzelnen Mitgliedstaaten entscheiden sollen, ob sie fortan in ewiger Sommer- oder Winterzeit leben wollen oder weiterhin zwischen beiden Zeiten wechseln wollen.<\/p>\n<blockquote><svg><use xlink:href=\"#quote\" \/><\/svg><div class=\"blockqoute-wrapper\"><p>Es gibt Forscher, die vor der Einf\u00fchrung einer dauerhaften Sommerzeit aufgrund der Folgen f\u00fcr uns Menschen warnen. Aus ihrer Sicht erh\u00f6ht eine ganzj\u00e4hrige Sommerzeit die Wahrscheinlichkeit f\u00fcr Diabetes, Depressionen und Schlafproblemen.<\/p><\/div><\/blockquote>\n<p>Doch bevor es zu einer Abschaffung der Zeitumstellung kommt, m\u00fcssen EU-Parlament und die EU-Staaten dem Gesetzesvorschlag erst noch zustimmen. Bei einem Ja, w\u00e4re es sicherlich ratsam, wenn sich alle Mitgliedstaaten f\u00fcr dieselbe Zeit entscheiden. Andernfalls k\u00f6nnten zuk\u00fcnftig sogar direkte Nachbarl\u00e4nder unterschiedliche Zeiten haben, was ein echtes Zeitzonen-Chaos innerhalb Europas mit sich bringen kann. Vielleicht besitzen zuk\u00fcnftige Uhrenmodelle dann mehrere kleine Stundenzeiger, die die verschiedenen Zeiten der einzelnen EU-Mitgliedstaaten anzeigen.<\/p>\n<p>Wer bereits jetzt seine Uhr nicht st\u00e4ndig eine Stunde vor- und zur\u00fcckstellen m\u00f6chte, findet in unserem Online-Shop <a href=\"https:\/\/www.watch.de\/\" target=\"_blank\" rel=\"noreferrer noopener\">www.watch.de<\/a> Zeitmesser mit einer zus\u00e4tzlichen Anzeige der Zeit, wie diese <strong>Jaeger-LeCoultre Master<\/strong>.<\/p>\n<div id=\"attachment_5132\" style=\"width: 310px\" class=\"wp-caption alignnone\"><img loading=\"lazy\" decoding=\"async\" aria-describedby=\"caption-attachment-5132\" class=\"wp-image-5132 size-full\" src=\"https:\/\/www.watch.de\/blog\/wp-content\/uploads\/2018\/10\/zeitumstellung-jaeger-le-coultre.jpg\" alt=\"Zeitumstellung Jaeger-LeCoultre Master\" width=\"300\" height=\"300\" \/><p id=\"caption-attachment-5132\" class=\"wp-caption-text\"><a href=\"https:\/\/www.watch.de\/germany\/jaeger-lecoultre-master.html\" target=\"_blank\" rel=\"noreferrer noopener\">Jaeger-LeCoultre Master Compressor Geographic<\/a><\/p><\/div>\n<p>&nbsp;<\/p>\n<p>Bei dieser <strong>Ebel Voyager Weltzeituhr GMT Automatik<\/strong> ist eine zweite Zeitzone \u00fcber die beidseitig drehbare L\u00fcnette und die 24-Stunden-Skala ablesbar.<\/p>\n<div id=\"attachment_5131\" style=\"width: 310px\" class=\"wp-caption alignnone\"><img loading=\"lazy\" decoding=\"async\" aria-describedby=\"caption-attachment-5131\" class=\"wp-image-5131 size-full\" src=\"https:\/\/www.watch.de\/blog\/wp-content\/uploads\/2018\/10\/zeitumstellung-ebel-voyager-weltzeit.jpg\" alt=\"Ebel Voyager Weltzeituhr GMT Automatik\" width=\"300\" height=\"300\" \/><p id=\"caption-attachment-5131\" class=\"wp-caption-text\"><a href=\"https:\/\/www.watch.de\/germany\/ebel.html\" target=\"_blank\" rel=\"noreferrer noopener\">Ebel Voyager Weltzeituhr GMT Automatik<\/a><\/p><\/div>\n<p>&nbsp;<\/p>\n<p>Die <strong>Sinn 757 UTC Chronograph Automatik<\/strong> macht es ihrem Tr\u00e4ger besonders leicht. Sie zeigt die zweite Zeitzone \u00fcber einen kleinen gelben Zeiger aus der Mitte an.<\/p>\n<div id=\"attachment_5130\" style=\"width: 310px\" class=\"wp-caption alignnone\"><img loading=\"lazy\" decoding=\"async\" aria-describedby=\"caption-attachment-5130\" class=\"wp-image-5130 size-full\" src=\"https:\/\/www.watch.de\/blog\/wp-content\/uploads\/2018\/10\/zeitumstellung-sinn-zweite-zeitzone.jpg\" alt=\"Zeitumstellung Sinn Chronograph Automatik\" width=\"300\" height=\"300\" \/><p id=\"caption-attachment-5130\" class=\"wp-caption-text\"><a href=\"https:\/\/www.watch.de\/germany\/sinn.html\" target=\"_blank\" rel=\"noreferrer noopener\">Sinn 757 UTC Chronograph Automatik<\/a><\/p><\/div>\n<p>&nbsp;<\/p>\n<p>Wir warten gespannt auf die Entscheidung des EU-Parlaments und der EU-Staaten zur Zeitumstellung und wissen zumindest, dass an diesem Wochenende die Uhren noch einmal auf Winterzeit eingestellt werden.<\/p>\n<blockquote><svg><use xlink:href=\"#quote\" \/><\/svg><div class=\"blockqoute-wrapper\"><p><strong>Zeitumstellung Winterzeit 2018:<\/strong><br \/>\nAm Sonntag, den 28. Oktober 2018 wird die Zeit um 3 Uhr morgens um eine Stunde auf 2 Uhr zur\u00fcckgestellt.<\/p>\n<p>Sie haben diesen Sonntag also eine Stunde mehr zur Verf\u00fcgung. Unsere Empfehlung: Entdecken Sie weitere exklusive Markenuhren auf <a href=\"https:\/\/www.watch.de\/\" target=\"_blank\" rel=\"noreferrer noopener\">www.watch.de<\/a>!<\/p><\/div><\/blockquote>\n<p>Mit einer mechanischen Markenuhr aus unserem Online-Shop www.watch.de entscheiden Sie selbst, wann und wie Sie die Zeit einstellen. In unserem <a href=\"https:\/\/www.watch.de\/germany\/ihr_weg_zu_uns.html\/\" target=\"_blank\" rel=\"noreferrer noopener\">Fachgesch\u00e4ft in Stuttgart Mitte<\/a> beraten wir Sie auch gerne pers\u00f6nlich zu hochwertigen Markenuhren. Wir freuen uns auf Ihren Besuch!<\/p>\n<p>&nbsp;<\/p>\n","protected":false},"excerpt":{"rendered":"<p>Am Sonntag, den 28. Oktober 2018 ist es wieder soweit \u2013 die Uhren werden auf Winterzeit umgestellt. Und alle Jahre wieder r\u00e4tselt man aufs Neue: Wie war das gleich nochmal? Werden die Uhren nun eine Stunde vor oder zur\u00fcck gestellt? Aktuell wird die Abschaffung der Zeitumstellung hei\u00df diskutiert. Erfahren Sie mehr dazu und eine Eselsbr\u00fccke, die Ihnen verr\u00e4t, ob Sie am Sonntag eine Stunde l\u00e4nger schlafen k\u00f6nnen in unserem neuen [&hellip;]<\/p>\n","protected":false},"author":2,"featured_media":5137,"comment_status":"open","ping_status":"open","sticky":false,"template":"","format":"standard","meta":{"myguten_meta_block_field":"","footnotes":""},"categories":[185],"tags":[],"class_list":["post-5133","post","type-post","status-publish","format-standard","has-post-thumbnail","hentry","category-archiv"],"yoast_head":"<!-- This site is optimized with the Yoast SEO plugin v27.5 - https:\/\/yoast.com\/product\/yoast-seo-wordpress\/ -->\n<title>Zeitumstellung 2018: Das letzte Mal Winterzeit? | watch.de \u2013 Blog<\/title>\n<meta name=\"description\" content=\"Am Sonntag 28.10.2018 wird auf Winterzeit umgestellt. Das letzte Mal? Brauchen wir zuk\u00fcnftig Uhren mit mehreren Stundenzeigern? &gt;&gt; Blog lesen.\" \/>\n<meta name=\"robots\" content=\"index, follow, max-snippet:-1, max-image-preview:large, max-video-preview:-1\" \/>\n<link rel=\"canonical\" href=\"https:\/\/www.watch.de\/blog\/zeitumstellung-2018-winterzeit\/\" \/>\n<meta name=\"twitter:label1\" content=\"Written by\" \/>\n\t<meta name=\"twitter:data1\" content=\"wablog\" \/>\n\t<meta name=\"twitter:label2\" content=\"Est. reading time\" \/>\n\t<meta name=\"twitter:data2\" content=\"3\u00a0Minuten\" \/>\n<script type=\"application\/ld+json\" class=\"yoast-schema-graph\">{\"@context\":\"https:\\\/\\\/schema.org\",\"@graph\":[{\"@type\":\"Article\",\"@id\":\"https:\\\/\\\/www.watch.de\\\/blog\\\/zeitumstellung-2018-winterzeit\\\/#article\",\"isPartOf\":{\"@id\":\"https:\\\/\\\/www.watch.de\\\/blog\\\/zeitumstellung-2018-winterzeit\\\/\"},\"author\":{\"name\":\"wablog\",\"@id\":\"https:\\\/\\\/www.watch.de\\\/blog\\\/#\\\/schema\\\/person\\\/f059a47ed99eaf83fe314a56d96ff04f\"},\"headline\":\"Zeitumstellung 2018: Das letzte Mal Winterzeit?\",\"datePublished\":\"2018-10-25T02:00:00+00:00\",\"dateModified\":\"2025-12-31T12:34:48+00:00\",\"mainEntityOfPage\":{\"@id\":\"https:\\\/\\\/www.watch.de\\\/blog\\\/zeitumstellung-2018-winterzeit\\\/\"},\"wordCount\":622,\"commentCount\":0,\"image\":{\"@id\":\"https:\\\/\\\/www.watch.de\\\/blog\\\/zeitumstellung-2018-winterzeit\\\/#primaryimage\"},\"thumbnailUrl\":\"https:\\\/\\\/www.watch.de\\\/blog\\\/wp-content\\\/uploads\\\/2018\\\/10\\\/zeitumstellung-winterzeit-2018-tag-heuer.jpg\",\"articleSection\":[\"Archiv\"],\"inLanguage\":\"de\",\"potentialAction\":[{\"@type\":\"CommentAction\",\"name\":\"Comment\",\"target\":[\"https:\\\/\\\/www.watch.de\\\/blog\\\/zeitumstellung-2018-winterzeit\\\/#respond\"]}]},{\"@type\":\"WebPage\",\"@id\":\"https:\\\/\\\/www.watch.de\\\/blog\\\/zeitumstellung-2018-winterzeit\\\/\",\"url\":\"https:\\\/\\\/www.watch.de\\\/blog\\\/zeitumstellung-2018-winterzeit\\\/\",\"name\":\"Zeitumstellung 2018: Das letzte Mal Winterzeit? | watch.de \u2013 Blog\",\"isPartOf\":{\"@id\":\"https:\\\/\\\/www.watch.de\\\/blog\\\/#website\"},\"primaryImageOfPage\":{\"@id\":\"https:\\\/\\\/www.watch.de\\\/blog\\\/zeitumstellung-2018-winterzeit\\\/#primaryimage\"},\"image\":{\"@id\":\"https:\\\/\\\/www.watch.de\\\/blog\\\/zeitumstellung-2018-winterzeit\\\/#primaryimage\"},\"thumbnailUrl\":\"https:\\\/\\\/www.watch.de\\\/blog\\\/wp-content\\\/uploads\\\/2018\\\/10\\\/zeitumstellung-winterzeit-2018-tag-heuer.jpg\",\"datePublished\":\"2018-10-25T02:00:00+00:00\",\"dateModified\":\"2025-12-31T12:34:48+00:00\",\"author\":{\"@id\":\"https:\\\/\\\/www.watch.de\\\/blog\\\/#\\\/schema\\\/person\\\/f059a47ed99eaf83fe314a56d96ff04f\"},\"description\":\"Am Sonntag 28.10.2018 wird auf Winterzeit umgestellt. Das letzte Mal? Brauchen wir zuk\u00fcnftig Uhren mit mehreren Stundenzeigern? >> Blog lesen.\",\"inLanguage\":\"de\",\"potentialAction\":[{\"@type\":\"ReadAction\",\"target\":[\"https:\\\/\\\/www.watch.de\\\/blog\\\/zeitumstellung-2018-winterzeit\\\/\"]}]},{\"@type\":\"ImageObject\",\"inLanguage\":\"de\",\"@id\":\"https:\\\/\\\/www.watch.de\\\/blog\\\/zeitumstellung-2018-winterzeit\\\/#primaryimage\",\"url\":\"https:\\\/\\\/www.watch.de\\\/blog\\\/wp-content\\\/uploads\\\/2018\\\/10\\\/zeitumstellung-winterzeit-2018-tag-heuer.jpg\",\"contentUrl\":\"https:\\\/\\\/www.watch.de\\\/blog\\\/wp-content\\\/uploads\\\/2018\\\/10\\\/zeitumstellung-winterzeit-2018-tag-heuer.jpg\",\"width\":792,\"height\":446,\"caption\":\"Zeitumstellung Winterzeit 2018\"},{\"@type\":\"WebSite\",\"@id\":\"https:\\\/\\\/www.watch.de\\\/blog\\\/#website\",\"url\":\"https:\\\/\\\/www.watch.de\\\/blog\\\/\",\"name\":\"watch.de Magazin\",\"description\":\"Markenuhren, Schmuck, Lifestyle und mehr\",\"potentialAction\":[{\"@type\":\"SearchAction\",\"target\":{\"@type\":\"EntryPoint\",\"urlTemplate\":\"https:\\\/\\\/www.watch.de\\\/blog\\\/?s={search_term_string}\"},\"query-input\":{\"@type\":\"PropertyValueSpecification\",\"valueRequired\":true,\"valueName\":\"search_term_string\"}}],\"inLanguage\":\"de\"},{\"@type\":\"Person\",\"@id\":\"https:\\\/\\\/www.watch.de\\\/blog\\\/#\\\/schema\\\/person\\\/f059a47ed99eaf83fe314a56d96ff04f\",\"name\":\"wablog\",\"url\":\"https:\\\/\\\/www.watch.de\\\/blog\\\/author\\\/wablog\\\/\"}]}<\/script>\n<!-- \/ Yoast SEO plugin. -->","yoast_head_json":{"title":"Zeitumstellung 2018: Das letzte Mal Winterzeit? | watch.de \u2013 Blog","description":"Am Sonntag 28.10.2018 wird auf Winterzeit umgestellt. Das letzte Mal? Brauchen wir zuk\u00fcnftig Uhren mit mehreren Stundenzeigern? >> Blog lesen.","robots":{"index":"index","follow":"follow","max-snippet":"max-snippet:-1","max-image-preview":"max-image-preview:large","max-video-preview":"max-video-preview:-1"},"canonical":"https:\/\/www.watch.de\/blog\/zeitumstellung-2018-winterzeit\/","twitter_misc":{"Written by":"wablog","Est. reading time":"3\u00a0Minuten"},"schema":{"@context":"https:\/\/schema.org","@graph":[{"@type":"Article","@id":"https:\/\/www.watch.de\/blog\/zeitumstellung-2018-winterzeit\/#article","isPartOf":{"@id":"https:\/\/www.watch.de\/blog\/zeitumstellung-2018-winterzeit\/"},"author":{"name":"wablog","@id":"https:\/\/www.watch.de\/blog\/#\/schema\/person\/f059a47ed99eaf83fe314a56d96ff04f"},"headline":"Zeitumstellung 2018: Das letzte Mal Winterzeit?","datePublished":"2018-10-25T02:00:00+00:00","dateModified":"2025-12-31T12:34:48+00:00","mainEntityOfPage":{"@id":"https:\/\/www.watch.de\/blog\/zeitumstellung-2018-winterzeit\/"},"wordCount":622,"commentCount":0,"image":{"@id":"https:\/\/www.watch.de\/blog\/zeitumstellung-2018-winterzeit\/#primaryimage"},"thumbnailUrl":"https:\/\/www.watch.de\/blog\/wp-content\/uploads\/2018\/10\/zeitumstellung-winterzeit-2018-tag-heuer.jpg","articleSection":["Archiv"],"inLanguage":"de","potentialAction":[{"@type":"CommentAction","name":"Comment","target":["https:\/\/www.watch.de\/blog\/zeitumstellung-2018-winterzeit\/#respond"]}]},{"@type":"WebPage","@id":"https:\/\/www.watch.de\/blog\/zeitumstellung-2018-winterzeit\/","url":"https:\/\/www.watch.de\/blog\/zeitumstellung-2018-winterzeit\/","name":"Zeitumstellung 2018: Das letzte Mal Winterzeit? | watch.de \u2013 Blog","isPartOf":{"@id":"https:\/\/www.watch.de\/blog\/#website"},"primaryImageOfPage":{"@id":"https:\/\/www.watch.de\/blog\/zeitumstellung-2018-winterzeit\/#primaryimage"},"image":{"@id":"https:\/\/www.watch.de\/blog\/zeitumstellung-2018-winterzeit\/#primaryimage"},"thumbnailUrl":"https:\/\/www.watch.de\/blog\/wp-content\/uploads\/2018\/10\/zeitumstellung-winterzeit-2018-tag-heuer.jpg","datePublished":"2018-10-25T02:00:00+00:00","dateModified":"2025-12-31T12:34:48+00:00","author":{"@id":"https:\/\/www.watch.de\/blog\/#\/schema\/person\/f059a47ed99eaf83fe314a56d96ff04f"},"description":"Am Sonntag 28.10.2018 wird auf Winterzeit umgestellt. Das letzte Mal? Brauchen wir zuk\u00fcnftig Uhren mit mehreren Stundenzeigern? >> Blog lesen.","inLanguage":"de","potentialAction":[{"@type":"ReadAction","target":["https:\/\/www.watch.de\/blog\/zeitumstellung-2018-winterzeit\/"]}]},{"@type":"ImageObject","inLanguage":"de","@id":"https:\/\/www.watch.de\/blog\/zeitumstellung-2018-winterzeit\/#primaryimage","url":"https:\/\/www.watch.de\/blog\/wp-content\/uploads\/2018\/10\/zeitumstellung-winterzeit-2018-tag-heuer.jpg","contentUrl":"https:\/\/www.watch.de\/blog\/wp-content\/uploads\/2018\/10\/zeitumstellung-winterzeit-2018-tag-heuer.jpg","width":792,"height":446,"caption":"Zeitumstellung Winterzeit 2018"},{"@type":"WebSite","@id":"https:\/\/www.watch.de\/blog\/#website","url":"https:\/\/www.watch.de\/blog\/","name":"watch.de Magazin","description":"Markenuhren, Schmuck, Lifestyle und mehr","potentialAction":[{"@type":"SearchAction","target":{"@type":"EntryPoint","urlTemplate":"https:\/\/www.watch.de\/blog\/?s={search_term_string}"},"query-input":{"@type":"PropertyValueSpecification","valueRequired":true,"valueName":"search_term_string"}}],"inLanguage":"de"},{"@type":"Person","@id":"https:\/\/www.watch.de\/blog\/#\/schema\/person\/f059a47ed99eaf83fe314a56d96ff04f","name":"wablog","url":"https:\/\/www.watch.de\/blog\/author\/wablog\/"}]}},"_links":{"self":[{"href":"https:\/\/www.watch.de\/blog\/wp-json\/wp\/v2\/posts\/5133","targetHints":{"allow":["GET"]}}],"collection":[{"href":"https:\/\/www.watch.de\/blog\/wp-json\/wp\/v2\/posts"}],"about":[{"href":"https:\/\/www.watch.de\/blog\/wp-json\/wp\/v2\/types\/post"}],"author":[{"embeddable":true,"href":"https:\/\/www.watch.de\/blog\/wp-json\/wp\/v2\/users\/2"}],"replies":[{"embeddable":true,"href":"https:\/\/www.watch.de\/blog\/wp-json\/wp\/v2\/comments?post=5133"}],"version-history":[{"count":6,"href":"https:\/\/www.watch.de\/blog\/wp-json\/wp\/v2\/posts\/5133\/revisions"}],"predecessor-version":[{"id":5157,"href":"https:\/\/www.watch.de\/blog\/wp-json\/wp\/v2\/posts\/5133\/revisions\/5157"}],"wp:featuredmedia":[{"embeddable":true,"href":"https:\/\/www.watch.de\/blog\/wp-json\/wp\/v2\/media\/5137"}],"wp:attachment":[{"href":"https:\/\/www.watch.de\/blog\/wp-json\/wp\/v2\/media?parent=5133"}],"wp:term":[{"taxonomy":"category","embeddable":true,"href":"https:\/\/www.watch.de\/blog\/wp-json\/wp\/v2\/categories?post=5133"},{"taxonomy":"post_tag","embeddable":true,"href":"https:\/\/www.watch.de\/blog\/wp-json\/wp\/v2\/tags?post=5133"}],"curies":[{"name":"wp","href":"https:\/\/api.w.org\/{rel}","templated":true}]}}